{"id":10335,"date":"2025-06-15T16:03:37","date_gmt":"2025-06-15T14:03:37","guid":{"rendered":"http:\/\/www.juergen-stauch.de\/?p=10335"},"modified":"2025-06-15T16:06:18","modified_gmt":"2025-06-15T14:06:18","slug":"fotoreise-fruehjahr-2025-bienenfresser","status":"publish","type":"post","link":"https:\/\/www.juergen-stauch.de\/?p=10335","title":{"rendered":"Fotoreise Fr\u00fchjahr 2025 &#8211; Bienenfresser"},"content":{"rendered":"<p>Gleich zweimal durften wir die Bienenfresser genie\u00dfen und fotografieren.<\/p>\n<p>Das erste mal in der Region Jeruzalem \/ Slowenien.<\/p>\n<p><a href=\"https:\/\/www.jeruzalem-slovenija.si\/de\/\"><strong>Jeruzalem Slowenien<\/strong><\/a> tr\u00e4gt mit seinem heiligen Namen, der Weinstra\u00dfe, an der Spitzenwei\u00df- und Rotweine gedeihen, den herrlichen Aussichtspunkten und der Wallfahrtskirche zu Recht den Namen himmlischer Ort. Es handelt sich um eine Landschaft im Nordosten Sloweniens, zwischen den Fl\u00fcssen Drau und Mur. Die Gemeinden Ormo\u017e, Sredi\u0161\u010de ob Dravi und Sveti Toma\u017e laden Sie ein Bauernh\u00f6fe, Weinkeller, Restaurants, Gastst\u00e4tte, Ferienwohnungen, Wohnwagen-Rastpl\u00e4tze, Fahrradrouten, Reitwege, Wasserwege und Fu\u00dfwege, Naturschutzgebiet Ormo\u0161ke lagune, Naturpark Sredi\u0161\u010de ob Dravi, Teiche, den Fluss Drava, Schl\u00f6sser, Burgen, sakrale Denkmale und zahlreichen Museums zu besuchen.<\/p>\n<p>Wir versteckten uns f\u00fcr mehrere Stunden in einem alten Wohnwagen, und konnten so nahe genug an die Bienenfresser herankommen.<\/p>\n<p><a href=\"https:\/\/flic.kr\/s\/aHBqjCi3vE\">Hier das Album von den Bienenfressern in Jeruzalem.<\/a><\/p>\n<p>&nbsp;<\/p>\n<p>Das zweite Mal konnten wir die Bienenfresser im Nationalpark Seewinkel&nbsp; im Bereich Neusiedler See \/ \u00d6sterreich bewundern.<\/p>\n<p>Dort in der gro\u00dfz\u00fcgigen Anlage des Resorts <a href=\"https:\/\/www.stmartins.at\/\">&#8222;St. Martins&#8220;<\/a>&nbsp; wurde aus dem Aushub eines Windrades eine Brutwand f\u00fcr die Bienenfresser und Uferschwalben angelegt.<\/p>\n<p><a href=\"https:\/\/flic.kr\/s\/aHBqjCgrfG\">Hier das Album von den Bienenfressern im Seewinkel.<\/a><\/p>\n<p>&nbsp;<\/p>\n<p>Sollte ein Bild gefallen, <a href=\"https:\/\/www.juergen-stauch.de\/?page_id=10097\">nehmt gerne Kontakt mit m<\/a>ir auf.<\/p>\n<p>&nbsp;<\/p>\n<p>&nbsp;<\/p>\n<p>&nbsp;<\/p>\n","protected":false},"excerpt":{"rendered":"<p>Gleich zweimal durften wir die Bienenfresser genie\u00dfen und fotografieren. Das erste mal in der Region Jeruzalem \/ Slowenien. Jeruzalem Slowenien tr\u00e4gt mit seinem heiligen Namen, &hellip;<\/p>\n","protected":false},"author":1,"featured_media":10337,"comment_status":"closed","ping_status":"closed","sticky":false,"template":"","format":"standard","meta":{"ngg_post_thumbnail":0,"footnotes":""},"categories":[1],"tags":[],"class_list":["post-10335","post","type-post","status-publish","format-standard","has-post-thumbnail","hentry","category-allgemein"],"_links":{"self":[{"href":"https:\/\/www.juergen-stauch.de\/index.php?rest_route=\/wp\/v2\/posts\/10335","targetHints":{"allow":["GET"]}}],"collection":[{"href":"https:\/\/www.juergen-stauch.de\/index.php?rest_route=\/wp\/v2\/posts"}],"about":[{"href":"https:\/\/www.juergen-stauch.de\/index.php?rest_route=\/wp\/v2\/types\/post"}],"author":[{"embeddable":true,"href":"https:\/\/www.juergen-stauch.de\/index.php?rest_route=\/wp\/v2\/users\/1"}],"replies":[{"embeddable":true,"href":"https:\/\/www.juergen-stauch.de\/index.php?rest_route=%2Fwp%2Fv2%2Fcomments&post=10335"}],"version-history":[{"count":4,"href":"https:\/\/www.juergen-stauch.de\/index.php?rest_route=\/wp\/v2\/posts\/10335\/revisions"}],"predecessor-version":[{"id":10340,"href":"https:\/\/www.juergen-stauch.de\/index.php?rest_route=\/wp\/v2\/posts\/10335\/revisions\/10340"}],"wp:featuredmedia":[{"embeddable":true,"href":"https:\/\/www.juergen-stauch.de\/index.php?rest_route=\/wp\/v2\/media\/10337"}],"wp:attachment":[{"href":"https:\/\/www.juergen-stauch.de\/index.php?rest_route=%2Fwp%2Fv2%2Fmedia&parent=10335"}],"wp:term":[{"taxonomy":"category","embeddable":true,"href":"https:\/\/www.juergen-stauch.de\/index.php?rest_route=%2Fwp%2Fv2%2Fcategories&post=10335"},{"taxonomy":"post_tag","embeddable":true,"href":"https:\/\/www.juergen-stauch.de\/index.php?rest_route=%2Fwp%2Fv2%2Ftags&post=10335"}],"curies":[{"name":"wp","href":"https:\/\/api.w.org\/{rel}","templated":true}]}}