{"id":10342,"date":"2025-07-03T16:51:12","date_gmt":"2025-07-03T14:51:12","guid":{"rendered":"http:\/\/www.juergen-stauch.de\/?p=10342"},"modified":"2025-07-05T12:40:18","modified_gmt":"2025-07-05T10:40:18","slug":"vogelfotografie-im-donaudelta","status":"publish","type":"post","link":"https:\/\/www.juergen-stauch.de\/?p=10342","title":{"rendered":"Vogelfotografie im Donaudelta"},"content":{"rendered":"<p>Das Donaudelta befindet sich im M\u00fcndungsgebiet der Donau in das Schwarze Meer. Es stellt nach dem Wolgadelta das zweitgr\u00f6\u00dfte Delta Europas dar und umfasst ein Gebiet von 5800 km\u00b2, wovon 72 % mit einer Fl\u00e4che von 4178 km\u00b2 unter Naturschutz stehen. Diese Fl\u00e4che liegt zu 82,5 % im rum\u00e4nischen Teil der Landschaft Dobrudscha sowie zu 17,5 % in der Ukraine. Das Delta ist seit 1990 ein Biosph\u00e4renreservat.<\/p>\n<p>In dem Biosph\u00e4renreservat konnten bisher etwa 5200 Tier- und Pflanzenarten katalogisiert werden. Die hohe Artenzahl wird einerseits auf das gro\u00dfe Angebot von aquatischen und terrestrischen Lebensr\u00e4umen zur\u00fcckgef\u00fchrt, zum anderen auf das geografische Zusammentreffen der zentraleurop\u00e4ischen W\u00e4lder und des Balkangebirges mit den mediterranen Regionen. Die eng miteinander verbundenen Lebensr\u00e4ume wie R\u00f6hrichte, schwimmende Inseln, Altarme und Seen, Auw\u00e4lder und extreme Trockenbiotope in den D\u00fcnen bilden im M\u00fcndungsgebiet ein einzigartiges Netzwerk von \u00fcber 30 \u00d6kosystemen. Manche dieser Arten gelten als selten oder vom Aussterben bedroht. Das Reservat beherbergt das mit einer Ausdehnung von etwa 1800 km\u00b2 weltweit gr\u00f6\u00dfte zusammenh\u00e4ngende Schilfrohrgebiet und ein bedeutendes Vogelschutzreservat mit der gr\u00f6\u00dften Kolonie des Rosapelikans und der zweitgr\u00f6\u00dften des Krauskopfpelikans Europas.<\/p>\n<p>&nbsp;<\/p>\n<p><a href=\"https:\/\/www.juergen-stauch.de\/wp-content\/uploads\/2025\/07\/Pelikan-34.jpg\"><img loading=\"lazy\" decoding=\"async\" class=\"alignnone size-medium wp-image-10358\" src=\"https:\/\/www.juergen-stauch.de\/wp-content\/uploads\/2025\/07\/Pelikan-34-300x169.jpg\" alt=\"\" width=\"300\" height=\"169\" srcset=\"https:\/\/www.juergen-stauch.de\/wp-content\/uploads\/2025\/07\/Pelikan-34-300x169.jpg 300w, https:\/\/www.juergen-stauch.de\/wp-content\/uploads\/2025\/07\/Pelikan-34-1024x576.jpg 1024w, https:\/\/www.juergen-stauch.de\/wp-content\/uploads\/2025\/07\/Pelikan-34-768x432.jpg 768w, https:\/\/www.juergen-stauch.de\/wp-content\/uploads\/2025\/07\/Pelikan-34-496x279.jpg 496w, https:\/\/www.juergen-stauch.de\/wp-content\/uploads\/2025\/07\/Pelikan-34.jpg 1500w\" sizes=\"auto, (max-width: 300px) 100vw, 300px\" \/><\/a><\/p>\n<p>Krauskopfpelikan<\/p>\n<p>&nbsp;<\/p>\n<p><a href=\"https:\/\/www.juergen-stauch.de\/wp-content\/uploads\/2025\/07\/Pelikan-36.jpg\"><img loading=\"lazy\" decoding=\"async\" class=\"alignnone size-medium wp-image-10353\" src=\"https:\/\/www.juergen-stauch.de\/wp-content\/uploads\/2025\/07\/Pelikan-36-300x169.jpg\" alt=\"\" width=\"300\" height=\"169\" srcset=\"https:\/\/www.juergen-stauch.de\/wp-content\/uploads\/2025\/07\/Pelikan-36-300x169.jpg 300w, https:\/\/www.juergen-stauch.de\/wp-content\/uploads\/2025\/07\/Pelikan-36-1024x576.jpg 1024w, https:\/\/www.juergen-stauch.de\/wp-content\/uploads\/2025\/07\/Pelikan-36-768x432.jpg 768w, https:\/\/www.juergen-stauch.de\/wp-content\/uploads\/2025\/07\/Pelikan-36-496x279.jpg 496w, https:\/\/www.juergen-stauch.de\/wp-content\/uploads\/2025\/07\/Pelikan-36.jpg 1500w\" sizes=\"auto, (max-width: 300px) 100vw, 300px\" \/><\/a><\/p>\n<p>Rosapelikan<\/p>\n<p>&nbsp;<\/p>\n<p>Und genau in dieses Gebiet f\u00fchrte mich eine Fotoreise mit der <a href=\"https:\/\/www.naturfotowerkstatt.at\/\">Naturfotowerkstatt<\/a>.&nbsp;<\/p>\n<p>Geflogen von Frankfurt nach Bukarest, Ankunft dort ca. 13.00 Uhr. Anschlie\u00dfend Transfer von 6 Teilnehmern plus Reiseleiter Heinz Hudelist mit dem klimatisierten Sprinterbus nach Tulcea und dort direkt auf unser Hotelboot, dass uns direkt ins zentrale Delta brachte. Jeder Teilnehmer hatte eine Einzelkabine mit Bad und WC. W\u00e4hrend des Aufenthaltes hatten wir das Hotelboot f\u00fcr uns ganz alleine.<\/p>\n<p>Vom Hotelboot aus fuhren wir dann mit einem kleinem Motorboot in die Nebenarme des Deltas. Eine Tour f\u00fcr ca. 5 Stunden gleich fr\u00fchs zum Sonnenaufgang und eine zweite Tour f\u00fcr ca. 4 Stunden am sp\u00e4ten Nachmittag. Als versierter Guide stand uns Daniel Petrescu von <a href=\"https:\/\/ibistours.ro\/de\/\">Ibis-Tours<\/a> mit Rat und Tat zur Seite. Er f\u00fchrte uns als Bootskapit\u00e4n direkt durch die Kan\u00e4le und Seen des Deltas zu den verschiedenen Vogelarten, ihren Nistpl\u00e4tzen, Brutkolonien und bevorzugten Aufenthaltsorten.&nbsp;<\/p>\n<p>Folgende 86 Arten an V\u00f6geln konnten wir entdecken:&nbsp;<\/p>\n<p>Hinweis: Ein Gro\u00dfteil der Vogelnamen tr\u00e4gt eine Verlinkung, d.h. ein Klick auf den Namen und schon geht&#8217;s zu den Bildern auf flickr. Wem dies zu umst\u00e4ndlich ist, kann sich <a href=\"https:\/\/www.flickr.com\/photos\/96925749@N02\/\">hier gleich auf meiner ganzen flickr-Seite umschauen.<\/a><\/p>\n<p><a href=\"https:\/\/flic.kr\/p\/2revSft\">Zwergtaucher,<\/a> Rothalstaucher, <a href=\"https:\/\/flic.kr\/s\/aHBqjCkey8\">Haubentaucher<\/a>, Sterntaucher, Schwarzhalstaucher, Rosapelikan, Krauskopfpelikan, <a href=\"https:\/\/flic.kr\/p\/2rdnVfy\">Kormoran<\/a>, <a href=\"https:\/\/flic.kr\/p\/2revWLr\">Zwergschabe<\/a>, <a href=\"https:\/\/flic.kr\/p\/2rewok9\">Graureiher<\/a>, <a href=\"https:\/\/flic.kr\/s\/aHBqjCkjUt\">Purpurreiher,<\/a> <a href=\"https:\/\/flic.kr\/p\/2reELuv\">Silberreiher,<\/a> <a href=\"https:\/\/flic.kr\/p\/2reLmG9\">Seidenreiher,<\/a> <a href=\"https:\/\/flic.kr\/s\/aHBqjCkoQC\">Rallenreiher,<\/a> Nachtreiher, Zwergdommel, Wei\u00dfstorch, <a href=\"https:\/\/flic.kr\/p\/2reveU6\">Sichler<\/a>, H\u00f6ckerschwan, <a href=\"https:\/\/flic.kr\/p\/2rewh2h\">Graugans<\/a>, <a href=\"https:\/\/flic.kr\/p\/2rewh5y\">Schnatterente,<\/a> Krickente, Stockente, <a href=\"https:\/\/flic.kr\/p\/2reuPuT\">Kn\u00e4kente<\/a>, Tafelente, Moorente, Reiherente, Zwergs\u00e4ger, Wespenbussard, Seeadler, Rohrweihe, <a href=\"https:\/\/flic.kr\/p\/2reuH5U\">Turmfalke<\/a>, Rotfu\u00dffalke, <a href=\"https:\/\/flic.kr\/p\/2rewh4X\">Baumfalke,<\/a><a href=\"https:\/\/flic.kr\/p\/2rewh4M\"> Fasan<\/a>, <a href=\"https:\/\/flic.kr\/p\/2reLLB5\">Teichhuhn<\/a>, <a href=\"https:\/\/flic.kr\/p\/2revbYX\">Bl\u00e4\u00dfhuhn,<\/a> Stelzenl\u00e4ufer, Kiebitz, Uferschnepfe, Waldwasserl\u00e4ufer, Sturmm\u00f6we, <a href=\"https:\/\/flic.kr\/p\/2reuH5i\">Fischm\u00f6we<\/a>, Lachm\u00f6we, Flu\u00dfseeschwalbe, Wei\u00dfbart-Seeschwalbe, Wei\u00dffl\u00fcgel-Seeschwalbe, Trauerseeschwalbe, Ringeltaube, T\u00fcrkentaube, <a href=\"https:\/\/flic.kr\/p\/2reqnKk\">Kuckuck<\/a>, <a href=\"https:\/\/flic.kr\/p\/2revcjH\">Eisvogel<\/a>, <a href=\"https:\/\/flic.kr\/p\/2reu2op\">Bienenfresser<\/a>, <a href=\"https:\/\/flic.kr\/p\/2reu6Jy\">Blauracke<\/a>, Wiedehopf, <a href=\"https:\/\/flic.kr\/p\/2rewohD\">Kleinspecht,<\/a> <a href=\"https:\/\/flic.kr\/p\/2revWPs\">Grauspecht,<\/a> Buntspecht, Uferschwalbe, Rauchschwalbe, Mehlschwalbe, <a href=\"https:\/\/flic.kr\/p\/2revAq8\">Bachstelze<\/a>, Schafstelze, Amsel, Schilfrohrs\u00e4nger, Teichrohrs\u00e4nger, Sumpfrohrs\u00e4nger, Drosselrohrs\u00e4nger, Zilpzalp, M\u00f6nchsgrasm\u00fccke, <a href=\"https:\/\/flic.kr\/p\/2revL88\">Gartenrotschwanz<\/a>,&nbsp; <a href=\"https:\/\/flic.kr\/s\/aHBqjCkdWr\">Bartmeise<\/a>, Schwanzmeise, Kohlmeise, Blaumeise, <a href=\"https:\/\/flic.kr\/s\/aHBqjCkjPA\">Beutelmeise<\/a>, Waldbauml\u00e4ufer, Pirol, Elster, Saatkr\u00e4he, Nebelkr\u00e4he, Star, Rohrammer, Buchfink, Haussperling, Feldsperling.<\/p>\n<p><a href=\"https:\/\/flic.kr\/s\/aHBqjCki9F\">Hier noch der Link zu den Eindr\u00fccken der Reise.<\/a><\/p>\n<p>Nach 5 Tagen intensivem Fotografieren (Sonnenbrand an den Handoberfl\u00e4chen und Kr\u00e4mpfe in der linken Hand vom Teleobjektiv) wurden wir mit dem Boot zur\u00fcck nach Tulcea gebracht, von dort aus mit einem Vito nach Bukarest und dann gings f\u00fcr die Teilnehmer mit den verschiedenen Airlines zur\u00fcck in die jeweilige Heimat.<\/p>\n<p>Diese Reise stellt einen weiteren H\u00f6hepunkt in meinem (fotografischen) Leben dar. Hier passte einfach alles zusammen: Guide, Reiseleiter, andere Teilnehmer, Crew an Bord, Bev\u00f6lkerung vor Ort. Du bist 5 min auf dem Boot und komplett weg vom L\u00e4rm der Zivilisation. Dieses intensive Erleben der Natur bleibt f\u00fcr mich unvergessen. Wer irgendwann einmal die Chance hat, das Donaudelta und die Artenvielfalt dort zu besuchen, sollte dies unbedingt tun.<\/p>\n<p><a href=\"https:\/\/www.juergen-stauch.de\/wp-content\/uploads\/2025\/07\/Donaudelta-56.jpg\"><img loading=\"lazy\" decoding=\"async\" class=\"alignnone size-medium wp-image-10354\" src=\"https:\/\/www.juergen-stauch.de\/wp-content\/uploads\/2025\/07\/Donaudelta-56-300x200.jpg\" alt=\"\" width=\"300\" height=\"200\" srcset=\"https:\/\/www.juergen-stauch.de\/wp-content\/uploads\/2025\/07\/Donaudelta-56-300x200.jpg 300w, https:\/\/www.juergen-stauch.de\/wp-content\/uploads\/2025\/07\/Donaudelta-56-1024x683.jpg 1024w, https:\/\/www.juergen-stauch.de\/wp-content\/uploads\/2025\/07\/Donaudelta-56-768x512.jpg 768w, https:\/\/www.juergen-stauch.de\/wp-content\/uploads\/2025\/07\/Donaudelta-56-450x300.jpg 450w, https:\/\/www.juergen-stauch.de\/wp-content\/uploads\/2025\/07\/Donaudelta-56.jpg 1500w\" sizes=\"auto, (max-width: 300px) 100vw, 300px\" \/><\/a><\/p>\n<p>Fotosession am Morgen<\/p>\n<p>&nbsp;<\/p>\n","protected":false},"excerpt":{"rendered":"<p>Das Donaudelta befindet sich im M\u00fcndungsgebiet der Donau in das Schwarze Meer. Es stellt nach dem Wolgadelta das zweitgr\u00f6\u00dfte Delta Europas dar und umfasst ein &hellip;<\/p>\n","protected":false},"author":1,"featured_media":10344,"comment_status":"closed","ping_status":"closed","sticky":false,"template":"","format":"standard","meta":{"ngg_post_thumbnail":0,"footnotes":""},"categories":[1],"tags":[],"class_list":["post-10342","post","type-post","status-publish","format-standard","has-post-thumbnail","hentry","category-allgemein"],"_links":{"self":[{"href":"https:\/\/www.juergen-stauch.de\/index.php?rest_route=\/wp\/v2\/posts\/10342","targetHints":{"allow":["GET"]}}],"collection":[{"href":"https:\/\/www.juergen-stauch.de\/index.php?rest_route=\/wp\/v2\/posts"}],"about":[{"href":"https:\/\/www.juergen-stauch.de\/index.php?rest_route=\/wp\/v2\/types\/post"}],"author":[{"embeddable":true,"href":"https:\/\/www.juergen-stauch.de\/index.php?rest_route=\/wp\/v2\/users\/1"}],"replies":[{"embeddable":true,"href":"https:\/\/www.juergen-stauch.de\/index.php?rest_route=%2Fwp%2Fv2%2Fcomments&post=10342"}],"version-history":[{"count":15,"href":"https:\/\/www.juergen-stauch.de\/index.php?rest_route=\/wp\/v2\/posts\/10342\/revisions"}],"predecessor-version":[{"id":10363,"href":"https:\/\/www.juergen-stauch.de\/index.php?rest_route=\/wp\/v2\/posts\/10342\/revisions\/10363"}],"wp:featuredmedia":[{"embeddable":true,"href":"https:\/\/www.juergen-stauch.de\/index.php?rest_route=\/wp\/v2\/media\/10344"}],"wp:attachment":[{"href":"https:\/\/www.juergen-stauch.de\/index.php?rest_route=%2Fwp%2Fv2%2Fmedia&parent=10342"}],"wp:term":[{"taxonomy":"category","embeddable":true,"href":"https:\/\/www.juergen-stauch.de\/index.php?rest_route=%2Fwp%2Fv2%2Fcategories&post=10342"},{"taxonomy":"post_tag","embeddable":true,"href":"https:\/\/www.juergen-stauch.de\/index.php?rest_route=%2Fwp%2Fv2%2Ftags&post=10342"}],"curies":[{"name":"wp","href":"https:\/\/api.w.org\/{rel}","templated":true}]}}