{"id":10364,"date":"2025-07-10T16:42:04","date_gmt":"2025-07-10T14:42:04","guid":{"rendered":"https:\/\/www.juergen-stauch.de\/?p=10364"},"modified":"2025-07-10T16:42:23","modified_gmt":"2025-07-10T14:42:23","slug":"10364","status":"publish","type":"post","link":"https:\/\/www.juergen-stauch.de\/?p=10364","title":{"rendered":"Seidenreiher im Donaudelta"},"content":{"rendered":"<h6 data-start=\"119\" data-end=\"170\"><strong data-start=\"122\" data-end=\"170\">Begegnung mit dem Seidenreiher im Donaudelta<\/strong><\/h6>\n<p data-start=\"172\" data-end=\"630\">W\u00e4hrend meiner Reise ins atemberaubende Donaudelta hatte ich das gro\u00dfe Gl\u00fcck, einen besonders eleganten Bewohner dieser einzigartigen Landschaft vor die Linse zu bekommen: den <strong data-start=\"348\" data-end=\"364\">Seidenreiher<\/strong> (<em data-start=\"366\" data-end=\"384\">Egretta garzetta<\/em>). Diese zierliche Reiherart beeindruckt nicht nur durch ihr schneewei\u00dfes Gefieder und ihre anmutige Erscheinung, sondern auch durch ihr Verhalten in der wilden Natur \u2013 perfekt eingebettet zwischen Schilf, Wasserl\u00e4ufen und verwurzeltem Treibholz.<\/p>\n<h6 data-start=\"632\" data-end=\"655\"><strong data-start=\"636\" data-end=\"655\">Eleganz in Wei\u00df<\/strong><\/h6>\n<p data-start=\"657\" data-end=\"1135\">Der Seidenreiher ist kleiner und zierlicher als sein Verwandter, der Silberreiher, und l\u00e4sst sich besonders gut an seinem schwarzen Schnabel, den langen, schlanken Beinen und seinen leuchtend gelben Zehen erkennen \u2013 ein auff\u00e4lliges Merkmal, das ihm bei der Jagd im seichten Wasser dient. In der Morgend\u00e4mmerung und bei weichem Licht erscheinen seine Konturen besonders filigran, fast \u00e4therisch. Seine Bewegungen im Wasser wirken wie ein Tanz \u2013 kontrolliert, ruhig, voller Anmut.<\/p>\n<h6 data-start=\"1137\" data-end=\"1166\">Lebensraum Donaudelta<\/h6>\n<p data-start=\"1168\" data-end=\"1563\">Das Donaudelta in Rum\u00e4nien z\u00e4hlt zu den gr\u00f6\u00dften und artenreichsten Feuchtgebieten Europas. Es bietet dem Seidenreiher ideale Lebensbedingungen: ruhige Wasserl\u00e4ufe, ausgedehnte Schilfgebiete und ein reiches Nahrungsangebot. In dieser unber\u00fchrten Wildnis gelingt es, V\u00f6gel in ihrem nat\u00fcrlichen Verhalten zu beobachten \u2013 sei es bei der Jagd, beim Putzen ihres Gefieders oder beim Start in den Flug.<\/p>\n<h6 data-start=\"1565\" data-end=\"1613\"><strong data-start=\"1569\" data-end=\"1613\">Fotografische Herausforderung und Freude<\/strong><\/h6>\n<p data-start=\"1615\" data-end=\"2054\">Die Serie, die im Juni 2025 entstand, zeigt den Seidenreiher in verschiedenen Momenten \u2013 wachsam am Ufer, konzentriert bei der Nahrungssuche und dynamisch im Abflug. Besonders herausfordernd war es, den richtigen Moment einzufangen, in dem sich Bewegung, Licht und Umgebung zu einer harmonischen Komposition verbinden. Dank Geduld, Beobachtung und der einzigartigen Szenerie sind diese Aufnahmen entstanden, die ich hier mit euch teilen m\u00f6chte.<\/p>\n<p data-start=\"2137\" data-end=\"2321\">Wenn du mehr \u00fcber meine Reisen, Tierbeobachtungen und fotografischen Erlebnisse erfahren m\u00f6chtest, lade ich dich ein, durch meinen Blog zu st\u00f6bern oder mir eine Nachricht zu schreiben.<\/p>\nngg_shortcode_0_placeholder\n","protected":false},"excerpt":{"rendered":"<p>Begegnung mit dem Seidenreiher im Donaudelta W\u00e4hrend meiner Reise ins atemberaubende Donaudelta hatte ich das gro\u00dfe Gl\u00fcck, einen besonders eleganten Bewohner dieser einzigartigen Landschaft vor &hellip;<\/p>\n","protected":false},"author":1,"featured_media":10373,"comment_status":"closed","ping_status":"closed","sticky":false,"template":"","format":"standard","meta":{"ngg_post_thumbnail":0,"footnotes":""},"categories":[1],"tags":[],"class_list":["post-10364","post","type-post","status-publish","format-standard","has-post-thumbnail","hentry","category-allgemein"],"_links":{"self":[{"href":"https:\/\/www.juergen-stauch.de\/index.php?rest_route=\/wp\/v2\/posts\/10364","targetHints":{"allow":["GET"]}}],"collection":[{"href":"https:\/\/www.juergen-stauch.de\/index.php?rest_route=\/wp\/v2\/posts"}],"about":[{"href":"https:\/\/www.juergen-stauch.de\/index.php?rest_route=\/wp\/v2\/types\/post"}],"author":[{"embeddable":true,"href":"https:\/\/www.juergen-stauch.de\/index.php?rest_route=\/wp\/v2\/users\/1"}],"replies":[{"embeddable":true,"href":"https:\/\/www.juergen-stauch.de\/index.php?rest_route=%2Fwp%2Fv2%2Fcomments&post=10364"}],"version-history":[{"count":2,"href":"https:\/\/www.juergen-stauch.de\/index.php?rest_route=\/wp\/v2\/posts\/10364\/revisions"}],"predecessor-version":[{"id":10374,"href":"https:\/\/www.juergen-stauch.de\/index.php?rest_route=\/wp\/v2\/posts\/10364\/revisions\/10374"}],"wp:featuredmedia":[{"embeddable":true,"href":"https:\/\/www.juergen-stauch.de\/index.php?rest_route=\/wp\/v2\/media\/10373"}],"wp:attachment":[{"href":"https:\/\/www.juergen-stauch.de\/index.php?rest_route=%2Fwp%2Fv2%2Fmedia&parent=10364"}],"wp:term":[{"taxonomy":"category","embeddable":true,"href":"https:\/\/www.juergen-stauch.de\/index.php?rest_route=%2Fwp%2Fv2%2Fcategories&post=10364"},{"taxonomy":"post_tag","embeddable":true,"href":"https:\/\/www.juergen-stauch.de\/index.php?rest_route=%2Fwp%2Fv2%2Ftags&post=10364"}],"curies":[{"name":"wp","href":"https:\/\/api.w.org\/{rel}","templated":true}]}}