{"id":10376,"date":"2025-07-13T16:52:58","date_gmt":"2025-07-13T14:52:58","guid":{"rendered":"https:\/\/www.juergen-stauch.de\/?p=10376"},"modified":"2025-07-13T16:52:58","modified_gmt":"2025-07-13T14:52:58","slug":"kampf-in-der-luft-weissbartseeschwalben-im-revierstreit","status":"publish","type":"post","link":"https:\/\/www.juergen-stauch.de\/?p=10376","title":{"rendered":"Kampf in der Luft \u2013 Wei\u00dfbartseeschwalben im Revierstreit"},"content":{"rendered":"<p>Ein besonders spektakul\u00e4rer Moment meiner Fotoreise ins Donaudelta war die Beobachtung zweier Wei\u00dfbartseeschwalben (Chlidonias hybrida), die sich in einem rasanten Luftkampf duellierten. Mitten \u00fcber der Wasseroberfl\u00e4che, umgeben von Seerosen und Algen, erlebte ich hautnah, wie dynamisch und territorial diese eleganten V\u00f6gel sein k\u00f6nnen. Solche Szenen sind nicht nur ein fotografischer Gl\u00fccksgriff, sondern offenbaren auch faszinierende Einblicke in das Verhalten dieser Seeschwalbenart.<\/p>\n<p>Der Grund f\u00fcr das aggressive Verhalten liegt meist in der Brutzeit. Wei\u00dfbartseeschwalben nisten in lockeren Kolonien in dichten Schwimmblattgesellschaften \u2013 zum Beispiel auf Seerosenfeldern, wie sie im Donaudelta reichlich vorkommen. Dabei beansprucht jedes Brutpaar ein kleines Revier rund um das Nest. Eindringlinge, sei es durch Artgenossen oder andere Wasserv\u00f6gel, werden energisch vertrieben. H\u00e4ufig geht es dabei nicht nur um Nahrung, sondern auch um den Schutz der Partnerin oder des Neststandorts.<\/p>\n<p>In dem Moment, den ich fotografisch festhalten konnte, hatte eine der Schwalben gerade eine Wasserpflanze erbeutet \u2013 ein m\u00f6glicher Teil des Balzverhaltens. Die zweite Schwalbe st\u00fcrzte sich von oben herab, offenbar mit der Absicht, den \u201eSchatz\u201c zu erobern. Solche Szenen sind typisch f\u00fcr innerartliche Konkurrenz, bei der Futter\u00fcbergabe, Nestpl\u00e4tze und Partnerbindung ineinandergreifen.<\/p>\n<p>Wei\u00dfbartseeschwalben sind Meister der L\u00fcfte. Ihre langen, spitzen Fl\u00fcgel und der gegabelte Schwanz erm\u00f6glichen enge Wendungen und blitzschnelle Richtungswechsel. W\u00e4hrend eines Revierkampfes kreischen sie laut, fliegen Attacken, weichen aus \u2013 ein echtes Luftballett voller Spannung. F\u00fcr mich als Fotograf ist es eine Herausforderung, solche Momente im richtigen Bruchteil einer Sekunde festzuhalten. Der Hintergrund verschwimmt, die Fl\u00fcgel sind ausgebreitet, Tropfen spritzen \u2013 und das Drama spielt sich in wenigen Sekunden ab.<br \/>\nEin einzigartiges Erlebnis im Donaudelta<\/p>\n<p>Das Donaudelta bietet ideale Bedingungen f\u00fcr diese Art. Flache, n\u00e4hrstoffreiche Gew\u00e4sser mit dichter Vegetation sind die perfekte B\u00fchne f\u00fcr Brut und Jagd. Mit etwas Geduld, Tarnung und einem guten Teleobjektiv lassen sich solche Verhaltensweisen eindrucksvoll dokumentieren. Der Moment der k\u00e4mpfenden Wei\u00dfbartseeschwalben z\u00e4hlt definitiv zu den Highlights meiner Reise.<\/p>\n<p>Wenn dich Vogelverhalten, Naturbeobachtung oder Naturfotografie interessieren, findest du auf meiner Webseite weitere Geschichten und Bildserien aus dem Donaudelta und anderen einzigartigen Lebensr\u00e4umen.<\/p>\nngg_shortcode_0_placeholder\n","protected":false},"excerpt":{"rendered":"<p>Ein besonders spektakul\u00e4rer Moment meiner Fotoreise ins Donaudelta war die Beobachtung zweier Wei\u00dfbartseeschwalben (Chlidonias hybrida), die sich in einem rasanten Luftkampf duellierten. Mitten \u00fcber der &hellip;<\/p>\n","protected":false},"author":1,"featured_media":10385,"comment_status":"closed","ping_status":"closed","sticky":false,"template":"","format":"standard","meta":{"ngg_post_thumbnail":0,"footnotes":""},"categories":[1],"tags":[],"class_list":["post-10376","post","type-post","status-publish","format-standard","has-post-thumbnail","hentry","category-allgemein"],"_links":{"self":[{"href":"https:\/\/www.juergen-stauch.de\/index.php?rest_route=\/wp\/v2\/posts\/10376","targetHints":{"allow":["GET"]}}],"collection":[{"href":"https:\/\/www.juergen-stauch.de\/index.php?rest_route=\/wp\/v2\/posts"}],"about":[{"href":"https:\/\/www.juergen-stauch.de\/index.php?rest_route=\/wp\/v2\/types\/post"}],"author":[{"embeddable":true,"href":"https:\/\/www.juergen-stauch.de\/index.php?rest_route=\/wp\/v2\/users\/1"}],"replies":[{"embeddable":true,"href":"https:\/\/www.juergen-stauch.de\/index.php?rest_route=%2Fwp%2Fv2%2Fcomments&post=10376"}],"version-history":[{"count":3,"href":"https:\/\/www.juergen-stauch.de\/index.php?rest_route=\/wp\/v2\/posts\/10376\/revisions"}],"predecessor-version":[{"id":10386,"href":"https:\/\/www.juergen-stauch.de\/index.php?rest_route=\/wp\/v2\/posts\/10376\/revisions\/10386"}],"wp:featuredmedia":[{"embeddable":true,"href":"https:\/\/www.juergen-stauch.de\/index.php?rest_route=\/wp\/v2\/media\/10385"}],"wp:attachment":[{"href":"https:\/\/www.juergen-stauch.de\/index.php?rest_route=%2Fwp%2Fv2%2Fmedia&parent=10376"}],"wp:term":[{"taxonomy":"category","embeddable":true,"href":"https:\/\/www.juergen-stauch.de\/index.php?rest_route=%2Fwp%2Fv2%2Fcategories&post=10376"},{"taxonomy":"post_tag","embeddable":true,"href":"https:\/\/www.juergen-stauch.de\/index.php?rest_route=%2Fwp%2Fv2%2Ftags&post=10376"}],"curies":[{"name":"wp","href":"https:\/\/api.w.org\/{rel}","templated":true}]}}