{"id":10390,"date":"2025-07-20T21:52:02","date_gmt":"2025-07-20T19:52:02","guid":{"rendered":"https:\/\/www.juergen-stauch.de\/?p=10390"},"modified":"2025-07-20T21:52:02","modified_gmt":"2025-07-20T19:52:02","slug":"majestaetische-riesen-der-luefte-pelikane-im-donaudelta","status":"publish","type":"post","link":"https:\/\/www.juergen-stauch.de\/?p=10390","title":{"rendered":"Majest\u00e4tische Riesen der L\u00fcfte \u2013 Pelikane im Donaudelta"},"content":{"rendered":"<p>Im Juni 2025 begab ich mich auf eine ganz besondere fotografische Reise durch das rum\u00e4nische Donaudelta, eines der letzten gro\u00dfen Wildnisgebiete Europas. Mit einem kleinen Boot glitten wir nahezu lautlos \u00fcber die Wasserstra\u00dfen dieses einzigartigen UNESCO-Biosph\u00e4renreservats. Zwischen dichten Schilfg\u00fcrteln, flachen Seen und \u00fcppiger Vegetation bot sich ein Anblick, der mich nachhaltig beeindruckt hat: Pelikane \u2013 in ihrer ganzen imposanten Pracht, ganz nah, ganz wild.<\/p>\n<p>&nbsp;<\/p>\n<p>Im Donaudelta kommen vor allem zwei Arten vor: der Rosapelikan (Pelecanus onocrotalus) und der seltenere Krauskopfpelikan (Pelecanus crispus). Die hier gezeigten Bilder zeigen den farbenfrohen Rosapelikan, erkennbar an seinem hellrosafarbenen Gefieder, dem riesigen gelb-orangen Schnabel mit dem elastischen Kehlsack und der anmutigen Gestalt, die trotz ihres Gewichts von bis zu 11 Kilogramm erstaunlich elegant \u00fcber das Wasser gleitet.<\/p>\n<p>&nbsp;<\/p>\n<p>Dank der geringen Bootsh\u00f6he befand ich mich w\u00e4hrend der Aufnahmen nahezu auf Augenh\u00f6he mit den V\u00f6geln. Dies erm\u00f6glichte au\u00dfergew\u00f6hnliche Perspektiven: vom direkten Blickkontakt \u00fcber das spektakul\u00e4re Bad mit erhobenen Fl\u00fcgeln bis hin zur grazilen Flugaufnahme im goldenen Abendlicht. Besonders eindrucksvoll ist das Zusammenspiel der Tiere in Gruppen \u2013 wie sie gemeinsam schwimmen, sich putzen oder lautlos durch die Luft segeln. Die Szene wirkt fast surreal in ihrer Ruhe und Harmonie.<\/p>\n<p>Pelikane sind faszinierende Tiere. Trotz ihrer Gr\u00f6\u00dfe und ihres wuchtigen Schnabels sind sie erstaunlich geschickt im Umgang mit ihrer Umwelt. Mit einer Spannweite von bis zu 3,6 Metern z\u00e4hlen sie zu den gr\u00f6\u00dften flugf\u00e4higen V\u00f6geln Europas. Sie fischen im Trupp, indem sie im Halbkreis durchs Wasser treiben und die Fische in Richtung der anderen treiben \u2013 eine perfekte Strategie, bei der ihr riesiger Kehlsack zum Einsatz kommt. Nach dem Fang wird der Schnabel elegant angehoben, das Wasser abgelassen und die Beute geschluckt \u2013 ein Spektakel f\u00fcr jeden Naturbeobachter.<\/p>\n<p>Ein Erlebnis, das bleibt<\/p>\n<p>Diese Aufnahmen sind nicht nur fotografisch besonders f\u00fcr mich \u2013 sie stehen symbolisch f\u00fcr die Kraft und Sch\u00f6nheit wilder Natur in Europa. Das Donaudelta ist einer der wenigen Orte, an denen man solche majest\u00e4tischen Tiere in ihrer nat\u00fcrlichen Umgebung erleben kann. Die Stille, unterbrochen nur vom Fl\u00fcgelschlag eines Pelikans oder dem Pl\u00e4tschern des Wassers, bleibt unvergessen.<\/p>\n<p><a href=\"https:\/\/flic.kr\/s\/aHBqjCnaAm\">In der Galerie<\/a> findest du die eindrucksvollen Pelikan-Bilder aus dem Donaudelta.<\/p>\n<p>Wenn du mehr \u00fcber meine Fotoreisen, Ausr\u00fcstung oder Tipps zur Naturbeobachtung erfahren m\u00f6chtest, freue ich mich \u00fcber eine Nachricht.<\/p>\n","protected":false},"excerpt":{"rendered":"<p>Im Juni 2025 begab ich mich auf eine ganz besondere fotografische Reise durch das rum\u00e4nische Donaudelta, eines der letzten gro\u00dfen Wildnisgebiete Europas. Mit einem kleinen &hellip;<\/p>\n","protected":false},"author":1,"featured_media":10391,"comment_status":"closed","ping_status":"closed","sticky":false,"template":"","format":"standard","meta":{"ngg_post_thumbnail":0,"footnotes":""},"categories":[1],"tags":[],"class_list":["post-10390","post","type-post","status-publish","format-standard","has-post-thumbnail","hentry","category-allgemein"],"_links":{"self":[{"href":"https:\/\/www.juergen-stauch.de\/index.php?rest_route=\/wp\/v2\/posts\/10390","targetHints":{"allow":["GET"]}}],"collection":[{"href":"https:\/\/www.juergen-stauch.de\/index.php?rest_route=\/wp\/v2\/posts"}],"about":[{"href":"https:\/\/www.juergen-stauch.de\/index.php?rest_route=\/wp\/v2\/types\/post"}],"author":[{"embeddable":true,"href":"https:\/\/www.juergen-stauch.de\/index.php?rest_route=\/wp\/v2\/users\/1"}],"replies":[{"embeddable":true,"href":"https:\/\/www.juergen-stauch.de\/index.php?rest_route=%2Fwp%2Fv2%2Fcomments&post=10390"}],"version-history":[{"count":1,"href":"https:\/\/www.juergen-stauch.de\/index.php?rest_route=\/wp\/v2\/posts\/10390\/revisions"}],"predecessor-version":[{"id":10392,"href":"https:\/\/www.juergen-stauch.de\/index.php?rest_route=\/wp\/v2\/posts\/10390\/revisions\/10392"}],"wp:featuredmedia":[{"embeddable":true,"href":"https:\/\/www.juergen-stauch.de\/index.php?rest_route=\/wp\/v2\/media\/10391"}],"wp:attachment":[{"href":"https:\/\/www.juergen-stauch.de\/index.php?rest_route=%2Fwp%2Fv2%2Fmedia&parent=10390"}],"wp:term":[{"taxonomy":"category","embeddable":true,"href":"https:\/\/www.juergen-stauch.de\/index.php?rest_route=%2Fwp%2Fv2%2Fcategories&post=10390"},{"taxonomy":"post_tag","embeddable":true,"href":"https:\/\/www.juergen-stauch.de\/index.php?rest_route=%2Fwp%2Fv2%2Ftags&post=10390"}],"curies":[{"name":"wp","href":"https:\/\/api.w.org\/{rel}","templated":true}]}}