{"id":10691,"date":"2026-04-30T20:33:29","date_gmt":"2026-04-30T18:33:29","guid":{"rendered":"https:\/\/www.juergen-stauch.de\/?p=10691"},"modified":"2026-04-30T20:33:29","modified_gmt":"2026-04-30T18:33:29","slug":"besuch-lichtevent-kronach-leuchtet-2026","status":"publish","type":"post","link":"https:\/\/www.juergen-stauch.de\/?p=10691","title":{"rendered":"Besuch Lichtevent &#8222;Kronach leuchtet 2026&#8220;"},"content":{"rendered":"<p data-start=\"0\" data-end=\"82\"><strong>Kronach leuchtet 2026 \u2013 Magie aus Licht und Schatten fotografisch festgehalten<\/strong><\/p>\n<p data-start=\"84\" data-end=\"501\">\u201eKronach leuchtet\u201c z\u00e4hlt zu den eindrucksvollsten Lichtkunstfestivals Deutschlands und verwandelt die historische Altstadt sowie die Festung Rosenberg jedes Jahr in eine B\u00fchne aus Farben, Projektionen und kreativen Installationen. Auch 2026 bot das Event wieder eine faszinierende Verbindung aus moderner Lichtkunst und jahrhundertealter Architektur \u2013 ein Paradies f\u00fcr Fotografen, die sich der Nachtfotografie widmen.<\/p>\n<p data-section-id=\"puk049\" data-start=\"503\" data-end=\"546\"><strong>Das Event: Lichtkunst trifft Geschichte<\/strong><\/p>\n<p data-start=\"548\" data-end=\"944\">W\u00e4hrend der Veranstaltung werden Geb\u00e4ude, Pl\u00e4tze und Gassen Kronachs gezielt inszeniert. Internationale K\u00fcnstler nutzen Licht als Medium, um Geschichten zu erz\u00e4hlen, Strukturen hervorzuheben oder v\u00f6llig neue Perspektiven auf bekannte Orte zu schaffen. Fassaden werden zu Leinw\u00e4nden, Mauern scheinen zu pulsieren, und selbst kleine Details treten durch gezielte Beleuchtung pl\u00f6tzlich in den Fokus.<\/p>\n<p data-start=\"946\" data-end=\"1225\">Besonders reizvoll ist dabei das Zusammenspiel von statischen Installationen und dynamischen Projektionen. Einige Werke ver\u00e4ndern sich kontinuierlich, andere leben von subtilen Lichtstimmungen \u2013 ein Spannungsfeld, das fotografisch sowohl Herausforderung als auch Inspiration ist.<\/p>\n<p data-start=\"946\" data-end=\"1225\"><a href=\"https:\/\/flic.kr\/s\/aHBqjCSsLm\">Hier klicken um meine Bilder zu &#8222;Kronach leuchtet 2026&#8220;&nbsp; zu entdecken!<\/a> Viel Spass bei Betrachten!!!<\/p>\n","protected":false},"excerpt":{"rendered":"<p>Kronach leuchtet 2026 \u2013 Magie aus Licht und Schatten fotografisch festgehalten \u201eKronach leuchtet\u201c z\u00e4hlt zu den eindrucksvollsten Lichtkunstfestivals Deutschlands und verwandelt die historische Altstadt sowie &hellip;<\/p>\n","protected":false},"author":1,"featured_media":10692,"comment_status":"closed","ping_status":"closed","sticky":false,"template":"","format":"standard","meta":{"ngg_post_thumbnail":0,"footnotes":""},"categories":[1],"tags":[],"class_list":["post-10691","post","type-post","status-publish","format-standard","has-post-thumbnail","hentry","category-allgemein"],"_links":{"self":[{"href":"https:\/\/www.juergen-stauch.de\/index.php?rest_route=\/wp\/v2\/posts\/10691","targetHints":{"allow":["GET"]}}],"collection":[{"href":"https:\/\/www.juergen-stauch.de\/index.php?rest_route=\/wp\/v2\/posts"}],"about":[{"href":"https:\/\/www.juergen-stauch.de\/index.php?rest_route=\/wp\/v2\/types\/post"}],"author":[{"embeddable":true,"href":"https:\/\/www.juergen-stauch.de\/index.php?rest_route=\/wp\/v2\/users\/1"}],"replies":[{"embeddable":true,"href":"https:\/\/www.juergen-stauch.de\/index.php?rest_route=%2Fwp%2Fv2%2Fcomments&post=10691"}],"version-history":[{"count":1,"href":"https:\/\/www.juergen-stauch.de\/index.php?rest_route=\/wp\/v2\/posts\/10691\/revisions"}],"predecessor-version":[{"id":10693,"href":"https:\/\/www.juergen-stauch.de\/index.php?rest_route=\/wp\/v2\/posts\/10691\/revisions\/10693"}],"wp:featuredmedia":[{"embeddable":true,"href":"https:\/\/www.juergen-stauch.de\/index.php?rest_route=\/wp\/v2\/media\/10692"}],"wp:attachment":[{"href":"https:\/\/www.juergen-stauch.de\/index.php?rest_route=%2Fwp%2Fv2%2Fmedia&parent=10691"}],"wp:term":[{"taxonomy":"category","embeddable":true,"href":"https:\/\/www.juergen-stauch.de\/index.php?rest_route=%2Fwp%2Fv2%2Fcategories&post=10691"},{"taxonomy":"post_tag","embeddable":true,"href":"https:\/\/www.juergen-stauch.de\/index.php?rest_route=%2Fwp%2Fv2%2Ftags&post=10691"}],"curies":[{"name":"wp","href":"https:\/\/api.w.org\/{rel}","templated":true}]}}